{"id":715,"date":"2015-03-24T23:59:27","date_gmt":"2015-03-24T22:59:27","guid":{"rendered":"http:\/\/obscuraphoto.eu\/WordPress3\/?p=715"},"modified":"2015-03-24T23:59:27","modified_gmt":"2015-03-24T22:59:27","slug":"fotografia-w-swietle-uv","status":"publish","type":"post","link":"https:\/\/obscuraphoto.eu\/WordPress3\/2015\/03\/fotografia-w-swietle-uv\/","title":{"rendered":"Fotografia w \u015bwietle UV"},"content":{"rendered":"<h2 style=\"text-align: center;\">7 marca w Centrum Kultury Zamek (Le\u015bnica, pl. \u015awi\u0119toja\u0144ski 1, Wroc\u0142aw), Stowarzyszenie Wielosfer oraz Stowarzyszenie Fantazjada jako Wroc\u0142awskie Plenery Fantastyczne zorganizowa\u0142y plener fotograficzny<br \/>\n&#8222;<a href=\"https:\/\/www.facebook.com\/events\/1539501246332983\/?ref=1\">UV &#8211; wz\u00f3r, znak, symbol<\/a>&#8222;.<\/h2>\n<p>Temat fotografii w \u015bwietle UV od razu bardzo mnie zainteresowa\u0142. Nigdy czego\u015b takiego nie robi\u0142em, a nieliczne wprawdzie, ale pokazuj\u0105ce niezwyk\u0142e efekty strony w Internecie zach\u0119ci\u0142y do udzia\u0142u.<\/p>\n<ol>\n<li>\n<h4>Ekipa<\/h4>\n<\/li>\n<\/ol>\n<p>Stawili\u015bmy si\u0119 kompletn\u0105 ekip\u0105, ja \u2013 fotografia, Natalia \u2013 modelka oraz Ewelina \u2013 wiza\u017cystka. \u017badne z nas nigdy nie pracowa\u0142o w ultrafiolecie.<\/p>\n<ol>\n<li>\n<h4>Sprz\u0119t<\/h4>\n<\/li>\n<\/ol>\n<p>Pentax K-3, Pentax SMC DA 35 mm f\/2.4 AL, Tamron SP AF 17-50 mm f\/2.8 XR Di II LD Aspherical oraz Obiektyw Samyang 8mm f\/3.5 UMC Fish-eye CS II, kt\u00f3rego nie u\u017cy\u0142em.<\/p>\n<p>Jest takie powiedzenie, \u017ce sprz\u0119t nie jest wa\u017cny tylko fotograf. Brzmi to dobrze, ale niestety, sprz\u0119t jest tak\u017ce wa\u017cny. Nie tyle daje fotografowi wolno\u015b\u0107, ile go ogranicza. Mo\u017cna zachwyca\u0107 si\u0119 jako\u015bci\u0105 zdj\u0119\u0107 z kom\u00f3rki czy kompakta, jednak to wszystko dzia\u0142a w PRZECI\u0118TNYCH warunkach i standardowych uj\u0119ciach. Fotografia w trudnych warunkach o\u015bwietleniowych, sportowa, portretowa, krajobrazowa wymagaj\u0105 specjalnego podej\u015bcia (optyka, mo\u017cliwo\u015b\u0107 operowania g\u0142\u0119bi\u0105, czasem migawki itp.), kt\u00f3rego automaty nie oferuj\u0105. Stad, nie fascynuj\u0105c si\u0119 specjalnie kamerami i optyk\u0105 za dziesi\u0105tki tysi\u0119cy, mam w\u0105tpliwo\u015bci, czy mo\u017cna by by\u0142o zrobi\u0107 co\u015b kreatywnego w \u015bwietle UV kom\u00f3rk\u0105 albo kompaktem.<\/p>\n<ol>\n<li>\n<h4>Stylizacja<\/h4>\n<\/li>\n<\/ol>\n<p>Organizator zapewni\u0142 zmywalne farby fluorescencyjne, my mieli\u015bmy stroje, kt\u00f3re si\u0119 nie przyda\u0142y, o czym p\u00f3\u017aniej. Ewelina wykona\u0142a dwie stylizacje &#8211; pierwsza, kwiatowa, subtelna i romantyczna, typowo portretowa, oraz druga afryka\u0144sko-australijska (Aborygeni), dynamiczna, drapie\u017cna, komponuj\u0105ca si\u0119 ze stylizacj\u0105 innej modelki &#8211; Nikoli.<\/p>\n<ol>\n<li>\n<h4>Sesja<\/h4>\n<\/li>\n<\/ol>\n<p>Do dyspozycji mieli\u015bmy zaciemnione pomieszczenia oraz lampy UV, \u015bwietl\u00f3wki i LED. Od razu okaza\u0142o si\u0119, \u017ce \u015bwietl\u00f3wki maj\u0105 zbyt ma\u0142\u0105 moc i nie specjalnie si\u0119 przydadz\u0105. Na szcz\u0119\u015bcie lampy LED by\u0142y silne i w wystarczaj\u0105cej ilo\u015bci. Cech\u0105 LED\u00f3w (lampy by\u0142y w postaci listwy diod) jest silna kierunkowo\u015b\u0107, nale\u017ca\u0142o je odpowiednio ustawi\u0107 w kierunku modelki.<\/p>\n<p>Ju\u017c na pocz\u0105tku stwierdzi\u0142em, \u017ce skupi\u0119 si\u0119 na portrecie i ewentualnie popiersiu, bo o\u015bwietlenie ca\u0142ej sylwetki nie by\u0142o proste, a ani stroje, kt\u00f3re mieli\u015bmy, ani niepomalowane cia\u0142o nie \u015bwieci\u0142y w \u015bwietle UV, wi\u0119c nie bardzo by\u0142o co fotografowa\u0107.<\/p>\n<p>Zagadk\u0105 by\u0142o, jak zachowa si\u0119 autofokus i system pomiaru \u015bwiat\u0142a. Autofokus sprawowa\u0142 si\u0119 nie\u017ale &#8211; wprawdzie og\u00f3lnie by\u0142o bardzo ciemno, ale stylizacje \u015bwieci\u0142y jasno i by\u0142o du\u017co kontrast\u00f3w, co u\u0142atwia\u0142o ostrzenie. Najlepiej sprawowa\u0142 si\u0119 pomiar punktowy, bo dawa\u0142 pe\u0142n\u0105 kontrol\u0119 nad p\u0142aszczyzn\u0105 ostrzenia. Pomiar \u015bwiat\u0142a to ina sprawa &#8211; punktowy na og\u00f3\u0142 nie do\u015bwietla\u0142, bo trafia\u0142 na jasno \u015bwiec\u0105ce miejsca, pozosta\u0142e, operuj\u0105ce na ca\u0142ej powierzchni kadru tryby z kolei prze\u015bwietla\u0142y, bo reagowa\u0142y na ciemny plan og\u00f3lny. Najlepszy okaza\u0142 si\u0119 tryb manualny, z dopasowaniem metod\u0105 kilku pr\u00f3b. Przy okre\u015blonym \u015bwietle i obiekcie fotografowanym raz prawid\u0142owo ustawione parametry na\u015bwietlenia nie wymagaj\u0105 korekty. Oczywi\u015bcie co kilka zdj\u0119\u0107 warto to sprawdza\u0107.<\/p>\n<p>Jednym s\u0142owem, po przygotowaniu si\u0119 mo\u017cna zaj\u0105\u0107 si\u0119 fotografi\u0105. Efekty s\u0105 naprawd\u0119 ciekawe i z kilku zdj\u0119\u0107 jestem zadowolony. Makeup Eveliny bardzo \u0142adnie zagra\u0142, motyw kwiatowy \u015bwietnie u\u0142o\u017cony na szyi i twarzy Natalii, kt\u00f3ra ma do\u015bwiadczenie i aktywnie wsp\u00f3\u0142pracuje z fotografem. Przy portretach, szczeg\u00f3lnie ciasnych, pos\u0142ugiwa\u0142em si\u0119 du\u017cym otworem przys\u0142ony, aby uzyska\u0107 ma\u0142\u0105 g\u0142\u0119bi\u0119 ostro\u015bci, co pozwala uwypukli\u0107 charakterystyczne fragmenty portretu i modelowa\u0107 odczucie przestrzenno\u015bci. Z kolei motyw \u201cdzikuski\u201d lepiej odnajduje si\u0119 w zdj\u0119ciach dynamicznych, szerzej kadrowanych, granych przez modelk\u0119 tak\u017ce r\u0119kami (a w przypadku Nikoli, kt\u00f3ra by\u0142a malowana ca\u0142a &#8211; ca\u0142ym cia\u0142em). Tutaj jednak zabrak\u0142o troch\u0119 \u015bwiat\u0142a &#8211; aby dobrze o\u015bwietli\u0107 ca\u0142\u0105 sylwetk\u0119, przyda\u0142yby si\u0119 ze cztery lampy w ustawieniu np. 2 x 2. I do tego obie modelki (Natalia i Nikola) ca\u0142e wymalowane.<\/p>\n<p>Ale \u017ce wszyscy byli\u015bmy debiutantami, uczyli\u015bmy si\u0119 dopiero aspekt\u00f3w fotografii w \u015bwietle UV.<\/p>\n<p>Andrzej Ma\u0142yszko Obscuraphoto.eu<\/p>\n<p>Kilka zdj\u0119\u0107 ilustruj\u0105cych powy\u017csze dywagacje.<\/p>\n<p><a href=\"http:\/\/obscuraphoto.eu\/WordPress3\/wp-content\/uploads\/2015\/03\/UV1.jpg\"><img loading=\"lazy\" decoding=\"async\" class=\"alignnone size-large wp-image-718\" src=\"http:\/\/obscuraphoto.eu\/WordPress3\/wp-content\/uploads\/2015\/03\/UV1-1024x681.jpg\" alt=\"UV1\" width=\"1024\" height=\"681\" srcset=\"https:\/\/obscuraphoto.eu\/WordPress3\/wp-content\/uploads\/2015\/03\/UV1.jpg 1024w, https:\/\/obscuraphoto.eu\/WordPress3\/wp-content\/uploads\/2015\/03\/UV1-300x200.jpg 300w\" sizes=\"auto, (max-width: 1024px) 100vw, 1024px\" \/><\/a><\/p>\n<p>ExposureTime &#8211; 1\/15 seconds, FNumber &#8211; 3.20, ExposureProgram &#8211; Manual control, ISOSpeedRatings &#8211; 1600,<br \/>\nFocalLength &#8211; 36.25 mm<\/p>\n<p><a href=\"http:\/\/obscuraphoto.eu\/WordPress3\/wp-content\/uploads\/2015\/03\/UV2.jpg\"><img loading=\"lazy\" decoding=\"async\" class=\"alignnone size-large wp-image-719\" src=\"http:\/\/obscuraphoto.eu\/WordPress3\/wp-content\/uploads\/2015\/03\/UV2-1024x681.jpg\" alt=\"UV2\" width=\"1024\" height=\"681\" srcset=\"https:\/\/obscuraphoto.eu\/WordPress3\/wp-content\/uploads\/2015\/03\/UV2.jpg 1024w, https:\/\/obscuraphoto.eu\/WordPress3\/wp-content\/uploads\/2015\/03\/UV2-300x200.jpg 300w\" sizes=\"auto, (max-width: 1024px) 100vw, 1024px\" \/><\/a><\/p>\n<p>ExposureTime &#8211; 1\/15 seconds, FNumber &#8211; 3.20, ExposureProgram &#8211; Manual control, ISOSpeedRatings &#8211; 1600,<br \/>\nFocalLength &#8211; 50.00 mm<\/p>\n<p><a href=\"http:\/\/obscuraphoto.eu\/WordPress3\/wp-content\/uploads\/2015\/03\/UV3.jpg\"><img loading=\"lazy\" decoding=\"async\" class=\"alignnone size-large wp-image-720\" src=\"http:\/\/obscuraphoto.eu\/WordPress3\/wp-content\/uploads\/2015\/03\/UV3-1024x681.jpg\" alt=\"UV3\" width=\"1024\" height=\"681\" srcset=\"https:\/\/obscuraphoto.eu\/WordPress3\/wp-content\/uploads\/2015\/03\/UV3.jpg 1024w, https:\/\/obscuraphoto.eu\/WordPress3\/wp-content\/uploads\/2015\/03\/UV3-300x200.jpg 300w\" sizes=\"auto, (max-width: 1024px) 100vw, 1024px\" \/><\/a><\/p>\n<p>ExposureTime &#8211; 1\/20 seconds, FNumber &#8211; 3.20, ExposureProgram &#8211; Manual control, ISOSpeedRatings &#8211; 1600,<br \/>\nFocalLength &#8211; 35.00 mm<\/p>\n<p><a href=\"http:\/\/obscuraphoto.eu\/WordPress3\/wp-content\/uploads\/2015\/03\/UV4.jpg\"><img loading=\"lazy\" decoding=\"async\" class=\"alignnone size-large wp-image-721\" src=\"http:\/\/obscuraphoto.eu\/WordPress3\/wp-content\/uploads\/2015\/03\/UV4-1024x681.jpg\" alt=\"UV4\" width=\"1024\" height=\"681\" srcset=\"https:\/\/obscuraphoto.eu\/WordPress3\/wp-content\/uploads\/2015\/03\/UV4.jpg 1024w, https:\/\/obscuraphoto.eu\/WordPress3\/wp-content\/uploads\/2015\/03\/UV4-300x200.jpg 300w\" sizes=\"auto, (max-width: 1024px) 100vw, 1024px\" \/><\/a><\/p>\n<p>ExposureTime &#8211; 1\/30 seconds, FNumber &#8211; 3.50, ExposureProgram &#8211; Manual control, ISOSpeedRatings &#8211; 2000,<br \/>\nFocalLength &#8211; 30.00 mm<\/p>\n<p><a href=\"http:\/\/obscuraphoto.eu\/WordPress3\/wp-content\/uploads\/2015\/03\/AMA2766.jpg\"><img loading=\"lazy\" decoding=\"async\" class=\"alignnone size-large wp-image-725\" src=\"http:\/\/obscuraphoto.eu\/WordPress3\/wp-content\/uploads\/2015\/03\/AMA2766-1024x681.jpg\" alt=\"_AMA2766\" width=\"1024\" height=\"681\" srcset=\"https:\/\/obscuraphoto.eu\/WordPress3\/wp-content\/uploads\/2015\/03\/AMA2766.jpg 1024w, https:\/\/obscuraphoto.eu\/WordPress3\/wp-content\/uploads\/2015\/03\/AMA2766-300x200.jpg 300w\" sizes=\"auto, (max-width: 1024px) 100vw, 1024px\" \/><\/a><br \/>\nExposureTime &#8211; 1\/20 seconds, FNumber &#8211; 3.20, ExposureProgram &#8211; Manual control, ISOSpeedRatings &#8211; 1600<br \/>\nFocalLength &#8211; 28.13 mm<\/p>\n<p><a href=\"http:\/\/obscuraphoto.eu\/WordPress3\/wp-content\/uploads\/2015\/03\/AMA2809.jpg\"><img loading=\"lazy\" decoding=\"async\" class=\"alignnone size-large wp-image-726\" src=\"http:\/\/obscuraphoto.eu\/WordPress3\/wp-content\/uploads\/2015\/03\/AMA2809-1024x681.jpg\" alt=\"_AMA2809\" width=\"1024\" height=\"681\" srcset=\"https:\/\/obscuraphoto.eu\/WordPress3\/wp-content\/uploads\/2015\/03\/AMA2809.jpg 1024w, https:\/\/obscuraphoto.eu\/WordPress3\/wp-content\/uploads\/2015\/03\/AMA2809-300x200.jpg 300w\" sizes=\"auto, (max-width: 1024px) 100vw, 1024px\" \/><\/a><\/p>\n<p>ExposureTime &#8211; 1\/30 seconds, FNumber &#8211; 3.50, ExposureProgram &#8211; Manual control, ISOSpeedRatings &#8211; 2000<br \/>\nFocalLength &#8211; 36.25 mm<\/p>\n","protected":false},"excerpt":{"rendered":"<p>7 marca w Centrum Kultury Zamek (Le\u015bnica, pl. \u015awi\u0119toja\u0144ski 1, Wroc\u0142aw), Stowarzyszenie Wielosfer oraz Stowarzyszenie Fantazjada jako Wroc\u0142awskie Plenery Fantastyczne zorganizowa\u0142y plener fotograficzny &#8222;UV &#8211; wz\u00f3r, znak, symbol&#8222;. Temat fotografii w \u015bwietle UV od razu bardzo mnie zainteresowa\u0142. Nigdy czego\u015b takiego nie robi\u0142em, a nieliczne wprawdzie, ale pokazuj\u0105ce niezwyk\u0142e efekty strony w Internecie zach\u0119ci\u0142y do [&hellip;]<\/p>\n","protected":false},"author":2,"featured_media":0,"comment_status":"open","ping_status":"open","sticky":false,"template":"","format":"standard","meta":{"ngg_post_thumbnail":0,"footnotes":""},"categories":[3,2,4],"tags":[],"class_list":["post-715","post","type-post","status-publish","format-standard","hentry","category-art","category-flash","category-technology"],"_links":{"self":[{"href":"https:\/\/obscuraphoto.eu\/WordPress3\/wp-json\/wp\/v2\/posts\/715","targetHints":{"allow":["GET"]}}],"collection":[{"href":"https:\/\/obscuraphoto.eu\/WordPress3\/wp-json\/wp\/v2\/posts"}],"about":[{"href":"https:\/\/obscuraphoto.eu\/WordPress3\/wp-json\/wp\/v2\/types\/post"}],"author":[{"embeddable":true,"href":"https:\/\/obscuraphoto.eu\/WordPress3\/wp-json\/wp\/v2\/users\/2"}],"replies":[{"embeddable":true,"href":"https:\/\/obscuraphoto.eu\/WordPress3\/wp-json\/wp\/v2\/comments?post=715"}],"version-history":[{"count":6,"href":"https:\/\/obscuraphoto.eu\/WordPress3\/wp-json\/wp\/v2\/posts\/715\/revisions"}],"predecessor-version":[{"id":727,"href":"https:\/\/obscuraphoto.eu\/WordPress3\/wp-json\/wp\/v2\/posts\/715\/revisions\/727"}],"wp:attachment":[{"href":"https:\/\/obscuraphoto.eu\/WordPress3\/wp-json\/wp\/v2\/media?parent=715"}],"wp:term":[{"taxonomy":"category","embeddable":true,"href":"https:\/\/obscuraphoto.eu\/WordPress3\/wp-json\/wp\/v2\/categories?post=715"},{"taxonomy":"post_tag","embeddable":true,"href":"https:\/\/obscuraphoto.eu\/WordPress3\/wp-json\/wp\/v2\/tags?post=715"}],"curies":[{"name":"wp","href":"https:\/\/api.w.org\/{rel}","templated":true}]}}