{"id":1815,"date":"2016-09-15T19:25:35","date_gmt":"2016-09-15T17:25:35","guid":{"rendered":"http:\/\/obscuraphoto.eu\/WordPress3\/?p=1815"},"modified":"2016-09-15T19:25:35","modified_gmt":"2016-09-15T17:25:35","slug":"zmiana-ii-miedzynarodowy-plener-fotograficzny-ladek-zdroj-jesien-2016","status":"publish","type":"post","link":"https:\/\/obscuraphoto.eu\/WordPress3\/2016\/09\/zmiana-ii-miedzynarodowy-plener-fotograficzny-ladek-zdroj-jesien-2016\/","title":{"rendered":"ZMIANA! II Mi\u0119dzynarodowy Plener Fotograficzny \u2013 L\u0105dek Zdr\u00f3j, Jesie\u0144 2016"},"content":{"rendered":"<div><span style=\"color: #ff0000;\"><b>Uwaga: ZMIANA TERMINU z powodu na\u0142o\u017cenia si\u0119 imprez fotograficznych. Szczeg\u00f3\u0142y w regulaminie i poni\u017cej<br \/>\n<\/b><\/span><\/div>\n<p><span style=\"color: #ff0000;\"><b>Termin pleneru to: 27 &#8211; 30. 10. 2016 r. ( od czwartku do niedzieli).<\/b><\/span><\/p>\n","protected":false},"excerpt":{"rendered":"<p>Uwaga: ZMIANA TERMINU z powodu na\u0142o\u017cenia si\u0119 imprez fotograficznych. Szczeg\u00f3\u0142y w regulaminie i poni\u017cej Termin pleneru to: 27 &#8211; 30. 10. 2016 r. ( od czwartku do niedzieli).<\/p>\n","protected":false},"author":2,"featured_media":0,"comment_status":"open","ping_status":"open","sticky":false,"template":"","format":"standard","meta":{"ngg_post_thumbnail":0,"footnotes":""},"categories":[2],"tags":[],"class_list":["post-1815","post","type-post","status-publish","format-standard","hentry","category-flash"],"_links":{"self":[{"href":"https:\/\/obscuraphoto.eu\/WordPress3\/wp-json\/wp\/v2\/posts\/1815","targetHints":{"allow":["GET"]}}],"collection":[{"href":"https:\/\/obscuraphoto.eu\/WordPress3\/wp-json\/wp\/v2\/posts"}],"about":[{"href":"https:\/\/obscuraphoto.eu\/WordPress3\/wp-json\/wp\/v2\/types\/post"}],"author":[{"embeddable":true,"href":"https:\/\/obscuraphoto.eu\/WordPress3\/wp-json\/wp\/v2\/users\/2"}],"replies":[{"embeddable":true,"href":"https:\/\/obscuraphoto.eu\/WordPress3\/wp-json\/wp\/v2\/comments?post=1815"}],"version-history":[{"count":1,"href":"https:\/\/obscuraphoto.eu\/WordPress3\/wp-json\/wp\/v2\/posts\/1815\/revisions"}],"predecessor-version":[{"id":1816,"href":"https:\/\/obscuraphoto.eu\/WordPress3\/wp-json\/wp\/v2\/posts\/1815\/revisions\/1816"}],"wp:attachment":[{"href":"https:\/\/obscuraphoto.eu\/WordPress3\/wp-json\/wp\/v2\/media?parent=1815"}],"wp:term":[{"taxonomy":"category","embeddable":true,"href":"https:\/\/obscuraphoto.eu\/WordPress3\/wp-json\/wp\/v2\/categories?post=1815"},{"taxonomy":"post_tag","embeddable":true,"href":"https:\/\/obscuraphoto.eu\/WordPress3\/wp-json\/wp\/v2\/tags?post=1815"}],"curies":[{"name":"wp","href":"https:\/\/api.w.org\/{rel}","templated":true}]}}